{"id":15710,"date":"2026-03-19T08:33:46","date_gmt":"2026-03-19T07:33:46","guid":{"rendered":"https:\/\/www.karriere-rockt.de\/?p=15710"},"modified":"2026-03-25T08:47:06","modified_gmt":"2026-03-25T07:47:06","slug":"02-03-06-2026","status":"publish","type":"post","link":"https:\/\/www.karriere-rockt.de\/02-03-06-2026\/","title":{"rendered":"03.\/04.06.2026 | Messe Vocatium im Kraftverkehr"},"content":{"rendered":"<p>\u201eDie vocatium-Messe erm\u00f6glicht dir gut vorbereitete Gespr\u00e4che mit den Berater:innen der Aussteller (Ausbildungsbetriebe, Fachschulen, Hochschulen und Institutionen), die dir helfen sollen, den passenden Beruf zu finden. Das Team der vocatium informiert vorab in deiner Schule \u00fcber die Messe und terminiert f\u00fcr dich anschlie\u00dfend Gespr\u00e4che mit deinen Wunschausstellern. Nat\u00fcrlich kannst du \u00fcber deine vereinbarten Termine hinaus auf der Messe weitere spontane Gespr\u00e4che mit Ausstellern f\u00fchren.\u201c<\/p>\n<p>Fachmesse f\u00fcr Ausbildung+Studium<br \/>\nKRAFTVERKEHR &#8211; Event- und Kongresskultur<\/p>\n<p>03.06.2026 | 08:30 &#8211; 14:45 Uhr<br \/>\n04.06.2026 | 08:30 &#8211; 14:45 Uhr<\/p>\n<p>&nbsp;<\/p>\n","protected":false},"excerpt":{"rendered":"<p>\u201eDie vocatium-Messe erm\u00f6glicht dir gut vorbereitete Gespr\u00e4che mit den Berater:innen der Aussteller&#8230;<\/p>\n","protected":false},"author":1087,"featured_media":23866,"comment_status":"open","ping_status":"open","sticky":false,"template":"","format":"standard","meta":{"_acf_changed":false,"footnotes":""},"categories":[1],"tags":[],"class_list":["post-15710","post","type-post","status-publish","format-standard","has-post-thumbnail","hentry","category-news"],"pp_statuses_selecting_workflow":false,"pp_workflow_action":"current","pp_status_selection":"publish","acf":[],"yoast_head":"<!-- This site is optimized with the Yoast SEO plugin v27.0 - https:\/\/yoast.com\/product\/yoast-seo-wordpress\/ -->\n<title>03.\/04.06.2026 | Messe Vocatium im Kraftverkehr - Karriere rockt<\/title>\n<meta name=\"robots\" content=\"index, follow, max-snippet:-1, max-image-preview:large, max-video-preview:-1\" \/>\n<link rel=\"canonical\" href=\"https:\/\/www.karriere-rockt.de\/02-03-06-2026\/\" \/>\n<meta property=\"og:locale\" content=\"de_DE\" \/>\n<meta property=\"og:type\" content=\"article\" \/>\n<meta property=\"og:title\" content=\"03.\/04.06.2026 | Messe Vocatium im Kraftverkehr - Karriere rockt\" \/>\n<meta property=\"og:description\" content=\"\u201eDie vocatium-Messe erm\u00f6glicht dir gut vorbereitete Gespr\u00e4che mit den Berater:innen der Aussteller...\" \/>\n<meta property=\"og:url\" content=\"https:\/\/www.karriere-rockt.de\/02-03-06-2026\/\" \/>\n<meta property=\"og:site_name\" content=\"Karriere rockt\" \/>\n<meta property=\"article:published_time\" content=\"2026-03-19T07:33:46+00:00\" \/>\n<meta property=\"article:modified_time\" content=\"2026-03-25T07:47:06+00:00\" \/>\n<meta property=\"og:image\" content=\"https:\/\/www.karriere-rockt.de\/wp-content\/uploads\/2026\/03\/Chemnitz_Zwickau_vocatium_2026_wirsinddabei_facebook1.jpg\" \/>\n\t<meta property=\"og:image:width\" content=\"2500\" \/>\n\t<meta property=\"og:image:height\" content=\"1875\" \/>\n\t<meta property=\"og:image:type\" content=\"image\/jpeg\" \/>\n<meta name=\"author\" content=\"ramonak\" \/>\n<meta name=\"twitter:card\" content=\"summary_large_image\" \/>\n<meta name=\"twitter:label1\" content=\"Verfasst von\" \/>\n\t<meta name=\"twitter:data1\" content=\"ramonak\" \/>\n\t<meta name=\"twitter:label2\" content=\"Gesch\u00e4tzte Lesezeit\" \/>\n\t<meta name=\"twitter:data2\" content=\"1\u00a0Minute\" \/>\n<script type=\"application\/ld+json\" class=\"yoast-schema-graph\">{\"@context\":\"https:\/\/schema.org\",\"@graph\":[{\"@type\":\"Article\",\"@id\":\"https:\/\/www.karriere-rockt.de\/02-03-06-2026\/#article\",\"isPartOf\":{\"@id\":\"https:\/\/www.karriere-rockt.de\/02-03-06-2026\/\"},\"author\":{\"name\":\"ramonak\",\"@id\":\"https:\/\/www.karriere-rockt.de\/#\/schema\/person\/1aec26cea76ea5845a6e7c667995086b\"},\"headline\":\"03.\/04.06.2026 | Messe Vocatium im Kraftverkehr\",\"datePublished\":\"2026-03-19T07:33:46+00:00\",\"dateModified\":\"2026-03-25T07:47:06+00:00\",\"mainEntityOfPage\":{\"@id\":\"https:\/\/www.karriere-rockt.de\/02-03-06-2026\/\"},\"wordCount\":92,\"commentCount\":0,\"image\":{\"@id\":\"https:\/\/www.karriere-rockt.de\/02-03-06-2026\/#primaryimage\"},\"thumbnailUrl\":\"https:\/\/www.karriere-rockt.de\/wp-content\/uploads\/2026\/03\/Chemnitz_Zwickau_vocatium_2026_wirsinddabei_facebook1.jpg\",\"articleSection\":[\"News\"],\"inLanguage\":\"de\",\"potentialAction\":[{\"@type\":\"CommentAction\",\"name\":\"Comment\",\"target\":[\"https:\/\/www.karriere-rockt.de\/02-03-06-2026\/#respond\"]}]},{\"@type\":\"WebPage\",\"@id\":\"https:\/\/www.karriere-rockt.de\/02-03-06-2026\/\",\"url\":\"https:\/\/www.karriere-rockt.de\/02-03-06-2026\/\",\"name\":\"03.\/04.06.2026 | Messe Vocatium im Kraftverkehr - Karriere rockt\",\"isPartOf\":{\"@id\":\"https:\/\/www.karriere-rockt.de\/#website\"},\"primaryImageOfPage\":{\"@id\":\"https:\/\/www.karriere-rockt.de\/02-03-06-2026\/#primaryimage\"},\"image\":{\"@id\":\"https:\/\/www.karriere-rockt.de\/02-03-06-2026\/#primaryimage\"},\"thumbnailUrl\":\"https:\/\/www.karriere-rockt.de\/wp-content\/uploads\/2026\/03\/Chemnitz_Zwickau_vocatium_2026_wirsinddabei_facebook1.jpg\",\"datePublished\":\"2026-03-19T07:33:46+00:00\",\"dateModified\":\"2026-03-25T07:47:06+00:00\",\"author\":{\"@id\":\"https:\/\/www.karriere-rockt.de\/#\/schema\/person\/1aec26cea76ea5845a6e7c667995086b\"},\"breadcrumb\":{\"@id\":\"https:\/\/www.karriere-rockt.de\/02-03-06-2026\/#breadcrumb\"},\"inLanguage\":\"de\",\"potentialAction\":[{\"@type\":\"ReadAction\",\"target\":[\"https:\/\/www.karriere-rockt.de\/02-03-06-2026\/\"]}]},{\"@type\":\"ImageObject\",\"inLanguage\":\"de\",\"@id\":\"https:\/\/www.karriere-rockt.de\/02-03-06-2026\/#primaryimage\",\"url\":\"https:\/\/www.karriere-rockt.de\/wp-content\/uploads\/2026\/03\/Chemnitz_Zwickau_vocatium_2026_wirsinddabei_facebook1.jpg\",\"contentUrl\":\"https:\/\/www.karriere-rockt.de\/wp-content\/uploads\/2026\/03\/Chemnitz_Zwickau_vocatium_2026_wirsinddabei_facebook1.jpg\",\"width\":2500,\"height\":1875},{\"@type\":\"BreadcrumbList\",\"@id\":\"https:\/\/www.karriere-rockt.de\/02-03-06-2026\/#breadcrumb\",\"itemListElement\":[{\"@type\":\"ListItem\",\"position\":1,\"name\":\"Startseite\",\"item\":\"https:\/\/www.karriere-rockt.de\/\"},{\"@type\":\"ListItem\",\"position\":2,\"name\":\"03.\/04.06.2026 | Messe Vocatium im Kraftverkehr\"}]},{\"@type\":\"WebSite\",\"@id\":\"https:\/\/www.karriere-rockt.de\/#website\",\"url\":\"https:\/\/www.karriere-rockt.de\/\",\"name\":\"Karriere rockt\",\"description\":\"Eine weitere WordPress-Website\",\"potentialAction\":[{\"@type\":\"SearchAction\",\"target\":{\"@type\":\"EntryPoint\",\"urlTemplate\":\"https:\/\/www.karriere-rockt.de\/?s={search_term_string}\"},\"query-input\":{\"@type\":\"PropertyValueSpecification\",\"valueRequired\":true,\"valueName\":\"search_term_string\"}}],\"inLanguage\":\"de\"},{\"@type\":\"Person\",\"@id\":\"https:\/\/www.karriere-rockt.de\/#\/schema\/person\/1aec26cea76ea5845a6e7c667995086b\",\"name\":\"ramonak\",\"image\":{\"@type\":\"ImageObject\",\"inLanguage\":\"de\",\"@id\":\"https:\/\/www.karriere-rockt.de\/#\/schema\/person\/image\/\",\"url\":\"https:\/\/secure.gravatar.com\/avatar\/4fa5450b102f3fc75397c3cf5a089ad72d41a8340cadeca08358abbcb62b7b15?s=96&d=mm&r=g\",\"contentUrl\":\"https:\/\/secure.gravatar.com\/avatar\/4fa5450b102f3fc75397c3cf5a089ad72d41a8340cadeca08358abbcb62b7b15?s=96&d=mm&r=g\",\"caption\":\"ramonak\"},\"url\":\"https:\/\/www.karriere-rockt.de\/author\/ramonak\/\"}]}<\/script>\n<!-- \/ Yoast SEO plugin. -->","yoast_head_json":{"title":"03.\/04.06.2026 | Messe Vocatium im Kraftverkehr - Karriere rockt","robots":{"index":"index","follow":"follow","max-snippet":"max-snippet:-1","max-image-preview":"max-image-preview:large","max-video-preview":"max-video-preview:-1"},"canonical":"https:\/\/www.karriere-rockt.de\/02-03-06-2026\/","og_locale":"de_DE","og_type":"article","og_title":"03.\/04.06.2026 | Messe Vocatium im Kraftverkehr - Karriere rockt","og_description":"\u201eDie vocatium-Messe erm\u00f6glicht dir gut vorbereitete Gespr\u00e4che mit den Berater:innen der Aussteller...","og_url":"https:\/\/www.karriere-rockt.de\/02-03-06-2026\/","og_site_name":"Karriere rockt","article_published_time":"2026-03-19T07:33:46+00:00","article_modified_time":"2026-03-25T07:47:06+00:00","og_image":[{"width":2500,"height":1875,"url":"https:\/\/www.karriere-rockt.de\/wp-content\/uploads\/2026\/03\/Chemnitz_Zwickau_vocatium_2026_wirsinddabei_facebook1.jpg","type":"image\/jpeg"}],"author":"ramonak","twitter_card":"summary_large_image","twitter_misc":{"Verfasst von":"ramonak","Gesch\u00e4tzte Lesezeit":"1\u00a0Minute"},"schema":{"@context":"https:\/\/schema.org","@graph":[{"@type":"Article","@id":"https:\/\/www.karriere-rockt.de\/02-03-06-2026\/#article","isPartOf":{"@id":"https:\/\/www.karriere-rockt.de\/02-03-06-2026\/"},"author":{"name":"ramonak","@id":"https:\/\/www.karriere-rockt.de\/#\/schema\/person\/1aec26cea76ea5845a6e7c667995086b"},"headline":"03.\/04.06.2026 | Messe Vocatium im Kraftverkehr","datePublished":"2026-03-19T07:33:46+00:00","dateModified":"2026-03-25T07:47:06+00:00","mainEntityOfPage":{"@id":"https:\/\/www.karriere-rockt.de\/02-03-06-2026\/"},"wordCount":92,"commentCount":0,"image":{"@id":"https:\/\/www.karriere-rockt.de\/02-03-06-2026\/#primaryimage"},"thumbnailUrl":"https:\/\/www.karriere-rockt.de\/wp-content\/uploads\/2026\/03\/Chemnitz_Zwickau_vocatium_2026_wirsinddabei_facebook1.jpg","articleSection":["News"],"inLanguage":"de","potentialAction":[{"@type":"CommentAction","name":"Comment","target":["https:\/\/www.karriere-rockt.de\/02-03-06-2026\/#respond"]}]},{"@type":"WebPage","@id":"https:\/\/www.karriere-rockt.de\/02-03-06-2026\/","url":"https:\/\/www.karriere-rockt.de\/02-03-06-2026\/","name":"03.\/04.06.2026 | Messe Vocatium im Kraftverkehr - Karriere rockt","isPartOf":{"@id":"https:\/\/www.karriere-rockt.de\/#website"},"primaryImageOfPage":{"@id":"https:\/\/www.karriere-rockt.de\/02-03-06-2026\/#primaryimage"},"image":{"@id":"https:\/\/www.karriere-rockt.de\/02-03-06-2026\/#primaryimage"},"thumbnailUrl":"https:\/\/www.karriere-rockt.de\/wp-content\/uploads\/2026\/03\/Chemnitz_Zwickau_vocatium_2026_wirsinddabei_facebook1.jpg","datePublished":"2026-03-19T07:33:46+00:00","dateModified":"2026-03-25T07:47:06+00:00","author":{"@id":"https:\/\/www.karriere-rockt.de\/#\/schema\/person\/1aec26cea76ea5845a6e7c667995086b"},"breadcrumb":{"@id":"https:\/\/www.karriere-rockt.de\/02-03-06-2026\/#breadcrumb"},"inLanguage":"de","potentialAction":[{"@type":"ReadAction","target":["https:\/\/www.karriere-rockt.de\/02-03-06-2026\/"]}]},{"@type":"ImageObject","inLanguage":"de","@id":"https:\/\/www.karriere-rockt.de\/02-03-06-2026\/#primaryimage","url":"https:\/\/www.karriere-rockt.de\/wp-content\/uploads\/2026\/03\/Chemnitz_Zwickau_vocatium_2026_wirsinddabei_facebook1.jpg","contentUrl":"https:\/\/www.karriere-rockt.de\/wp-content\/uploads\/2026\/03\/Chemnitz_Zwickau_vocatium_2026_wirsinddabei_facebook1.jpg","width":2500,"height":1875},{"@type":"BreadcrumbList","@id":"https:\/\/www.karriere-rockt.de\/02-03-06-2026\/#breadcrumb","itemListElement":[{"@type":"ListItem","position":1,"name":"Startseite","item":"https:\/\/www.karriere-rockt.de\/"},{"@type":"ListItem","position":2,"name":"03.\/04.06.2026 | Messe Vocatium im Kraftverkehr"}]},{"@type":"WebSite","@id":"https:\/\/www.karriere-rockt.de\/#website","url":"https:\/\/www.karriere-rockt.de\/","name":"Karriere rockt","description":"Eine weitere WordPress-Website","potentialAction":[{"@type":"SearchAction","target":{"@type":"EntryPoint","urlTemplate":"https:\/\/www.karriere-rockt.de\/?s={search_term_string}"},"query-input":{"@type":"PropertyValueSpecification","valueRequired":true,"valueName":"search_term_string"}}],"inLanguage":"de"},{"@type":"Person","@id":"https:\/\/www.karriere-rockt.de\/#\/schema\/person\/1aec26cea76ea5845a6e7c667995086b","name":"ramonak","image":{"@type":"ImageObject","inLanguage":"de","@id":"https:\/\/www.karriere-rockt.de\/#\/schema\/person\/image\/","url":"https:\/\/secure.gravatar.com\/avatar\/4fa5450b102f3fc75397c3cf5a089ad72d41a8340cadeca08358abbcb62b7b15?s=96&d=mm&r=g","contentUrl":"https:\/\/secure.gravatar.com\/avatar\/4fa5450b102f3fc75397c3cf5a089ad72d41a8340cadeca08358abbcb62b7b15?s=96&d=mm&r=g","caption":"ramonak"},"url":"https:\/\/www.karriere-rockt.de\/author\/ramonak\/"}]}},"publishpress_future_action":{"enabled":true,"date":"2026-06-03 11:14:00","action":"change-status","newStatus":"trash","terms":[0],"taxonomy":"category","extraData":[]},"publishpress_future_workflow_manual_trigger":{"enabledWorkflows":[]},"_links":{"self":[{"href":"https:\/\/www.karriere-rockt.de\/api\/v1\/wp\/v2\/posts\/15710","targetHints":{"allow":["GET"]}}],"collection":[{"href":"https:\/\/www.karriere-rockt.de\/api\/v1\/wp\/v2\/posts"}],"about":[{"href":"https:\/\/www.karriere-rockt.de\/api\/v1\/wp\/v2\/types\/post"}],"author":[{"embeddable":true,"href":"https:\/\/www.karriere-rockt.de\/api\/v1\/wp\/v2\/users\/1087"}],"replies":[{"embeddable":true,"href":"https:\/\/www.karriere-rockt.de\/api\/v1\/wp\/v2\/comments?post=15710"}],"version-history":[{"count":7,"href":"https:\/\/www.karriere-rockt.de\/api\/v1\/wp\/v2\/posts\/15710\/revisions"}],"predecessor-version":[{"id":23836,"href":"https:\/\/www.karriere-rockt.de\/api\/v1\/wp\/v2\/posts\/15710\/revisions\/23836"}],"wp:featuredmedia":[{"embeddable":true,"href":"https:\/\/www.karriere-rockt.de\/api\/v1\/wp\/v2\/media\/23866"}],"wp:attachment":[{"href":"https:\/\/www.karriere-rockt.de\/api\/v1\/wp\/v2\/media?parent=15710"}],"wp:term":[{"taxonomy":"category","embeddable":true,"href":"https:\/\/www.karriere-rockt.de\/api\/v1\/wp\/v2\/categories?post=15710"},{"taxonomy":"post_tag","embeddable":true,"href":"https:\/\/www.karriere-rockt.de\/api\/v1\/wp\/v2\/tags?post=15710"}],"curies":[{"name":"wp","href":"https:\/\/api.w.org\/{rel}","templated":true}]}}