{"id":511,"date":"2022-11-29T14:01:13","date_gmt":"2022-11-29T13:01:13","guid":{"rendered":"https:\/\/beta.karriere-rockt.de\/?p=511"},"modified":"2022-11-29T15:43:06","modified_gmt":"2022-11-29T14:43:06","slug":"vorstellungsgespraech","status":"publish","type":"post","link":"https:\/\/www.karriere-rockt.de\/vorstellungsgespraech\/","title":{"rendered":"Vorstellungsgespr\u00e4ch"},"content":{"rendered":"<h5>Deine Ausbildungsbewerbung hat \u00fcberzeugt und Du bist zum Vorstellungsgespr\u00e4ch eingeladen! Wenn sich bei dir jetzt Freude und leichte Panik abwechseln, ist das total normal. Du hast wahrscheinlich noch sehr wenig Erfahrung mit Bewerbungsgespr\u00e4chen und bist aufgeregt. Damit Du in Deinem Vorstellungsgespr\u00e4ch einen k\u00fchlen Kopf bewahrst, haben wir f\u00fcr Dich ein paar wichtige Tipps und die h\u00e4ufigsten Fragen zusammengestellt.<\/h5>\n<h4><\/h4>\n<h4>Das gibt es zu beachten:<\/h4>\n<ul>\n<li>Sei unbedingt p\u00fcnktlich zum Gespr\u00e4ch! Erkundige Dich vorher \u00fcber Bus- und Bahnverbindungen.<\/li>\n<li>W\u00e4hle ein passendes Outfit. Wichtig ist, dass Du Dich wohlf\u00fchlst.<\/li>\n<li>Informiere Dich vorher ausf\u00fchrlich \u00fcber den Ausbildungsberuf und \u00fcber den Betrieb.<\/li>\n<li>Antworte klar und direkt.<\/li>\n<li>Halte Blickkontakt zu allen Gespr\u00e4chspartnern.<\/li>\n<li>Falle Deinem Gegen\u00fcber nicht ins Wort.<\/li>\n<li>Merke Dir die Namen deiner Gespr\u00e4chspartner.<\/li>\n<li>Es ist v\u00f6llig OK, wenn Du Dir die wichtigsten Informationen wie Namen und Termine mitschreibst.<\/li>\n<li>Stelle selbst Fragen, z.B. zu Aufstiegschancen.<\/li>\n<li>Sei freundlich und l\u00e4chle.<\/li>\n<\/ul>\n<h4>Auf diese Fragen solltest Du eine Antwort haben:<\/h4>\n<ul>\n<li>Warum m\u00f6chten Sie gerade diesen Beruf lernen?<\/li>\n<li>Wie sind Sie auf unser Unternehmen gekommen?<\/li>\n<li>Wie stellen Sie sich einen typischen Tag in dem Beruf vor?<\/li>\n<li>Was sind Ihre Lieblingsf\u00e4cher in der Schule?<\/li>\n<li>Wie verstehen Sie sich mit Ihren Mitsch\u00fclern und Lehrern?<\/li>\n<li>Was sind Ihre St\u00e4rken und Schw\u00e4chen?<\/li>\n<li>Wie erkl\u00e4ren Sie sich die schlechte Note?<\/li>\n<li>Warum sind Sie geeignet f\u00fcr diese Stelle?<\/li>\n<\/ul>\n<hr \/>\n<h4>Unsere Ausbildungsberater helfen Dir gern beim Einstieg ins Berufsleben. Komm vorbei!<\/h4>\n<p><strong>IHK Chemnitz<\/strong><br \/>\n<strong>Stra\u00dfe der Nationen 25, 09111 Chemnitz<\/strong><br \/>\n<strong>Telefon: 0371 6900-1420<\/strong><\/p>\n<p><strong>Offene Ausbildungsstellen findest Du \u00fcber unsere Lehrstellenb\u00f6rse.<\/strong><\/p>\n","protected":false},"excerpt":{"rendered":"<p>Deine Ausbildungsbewerbung hat \u00fcberzeugt und Du bist zum Vorstellungsgespr\u00e4ch eingeladen! Wenn sich bei dir jetzt Freude und leichte Panik abwechseln, ist das total normal. Du hast wahrscheinlich noch sehr wenig Erfahrung mit Bewerbungsgespr\u00e4chen und bist aufgeregt. Damit Du in Deinem Vorstellungsgespr\u00e4ch einen k\u00fchlen Kopf bewahrst, haben wir f\u00fcr Dich ein paar wichtige Tipps und die<a href=\"https:\/\/www.karriere-rockt.de\/vorstellungsgespraech\/\" class=\"more-link\">weiterlesen<\/a><\/p>\n","protected":false},"author":2,"featured_media":513,"comment_status":"open","ping_status":"open","sticky":false,"template":"","format":"standard","meta":{"_acf_changed":false,"footnotes":""},"categories":[22],"tags":[],"class_list":["post-511","post","type-post","status-publish","format-standard","has-post-thumbnail","hentry","category-ausbildung"],"pp_statuses_selecting_workflow":false,"pp_workflow_action":"current","pp_status_selection":"publish","acf":[],"yoast_head":"<!-- This site is optimized with the Yoast SEO plugin v27.0 - https:\/\/yoast.com\/product\/yoast-seo-wordpress\/ -->\n<title>Vorstellungsgespr\u00e4ch - Karriere rockt<\/title>\n<meta name=\"robots\" content=\"index, follow, max-snippet:-1, max-image-preview:large, max-video-preview:-1\" \/>\n<link rel=\"canonical\" href=\"https:\/\/www.karriere-rockt.de\/vorstellungsgespraech\/\" \/>\n<meta property=\"og:locale\" content=\"de_DE\" \/>\n<meta property=\"og:type\" content=\"article\" \/>\n<meta property=\"og:title\" content=\"Vorstellungsgespr\u00e4ch - Karriere rockt\" \/>\n<meta property=\"og:description\" content=\"Deine Ausbildungsbewerbung hat \u00fcberzeugt und Du bist zum Vorstellungsgespr\u00e4ch eingeladen! Wenn sich bei dir jetzt Freude und leichte Panik abwechseln, ist das total normal. Du hast wahrscheinlich noch sehr wenig Erfahrung mit Bewerbungsgespr\u00e4chen und bist aufgeregt. Damit Du in Deinem Vorstellungsgespr\u00e4ch einen k\u00fchlen Kopf bewahrst, haben wir f\u00fcr Dich ein paar wichtige Tipps und dieweiterlesen\" \/>\n<meta property=\"og:url\" content=\"https:\/\/www.karriere-rockt.de\/vorstellungsgespraech\/\" \/>\n<meta property=\"og:site_name\" content=\"Karriere rockt\" \/>\n<meta property=\"article:published_time\" content=\"2022-11-29T13:01:13+00:00\" \/>\n<meta property=\"article:modified_time\" content=\"2022-11-29T14:43:06+00:00\" \/>\n<meta property=\"og:image\" content=\"https:\/\/www.karriere-rockt.de\/wp-content\/uploads\/2022\/11\/vorstellungsgespaech-ihk-chemnitz.png\" \/>\n\t<meta property=\"og:image:width\" content=\"1648\" \/>\n\t<meta property=\"og:image:height\" content=\"1094\" \/>\n\t<meta property=\"og:image:type\" content=\"image\/png\" \/>\n<meta name=\"author\" content=\"Markus Wolf\" \/>\n<meta name=\"twitter:card\" content=\"summary_large_image\" \/>\n<meta name=\"twitter:label1\" content=\"Verfasst von\" \/>\n\t<meta name=\"twitter:data1\" content=\"Markus Wolf\" \/>\n\t<meta name=\"twitter:label2\" content=\"Gesch\u00e4tzte Lesezeit\" \/>\n\t<meta name=\"twitter:data2\" content=\"1\u00a0Minute\" \/>\n<script type=\"application\/ld+json\" class=\"yoast-schema-graph\">{\"@context\":\"https:\/\/schema.org\",\"@graph\":[{\"@type\":\"Article\",\"@id\":\"https:\/\/www.karriere-rockt.de\/vorstellungsgespraech\/#article\",\"isPartOf\":{\"@id\":\"https:\/\/www.karriere-rockt.de\/vorstellungsgespraech\/\"},\"author\":{\"name\":\"Markus Wolf\",\"@id\":\"https:\/\/www.karriere-rockt.de\/#\/schema\/person\/83b6b5b06268bd93c1f358c5a036513d\"},\"headline\":\"Vorstellungsgespr\u00e4ch\",\"datePublished\":\"2022-11-29T13:01:13+00:00\",\"dateModified\":\"2022-11-29T14:43:06+00:00\",\"mainEntityOfPage\":{\"@id\":\"https:\/\/www.karriere-rockt.de\/vorstellungsgespraech\/\"},\"wordCount\":265,\"commentCount\":0,\"image\":{\"@id\":\"https:\/\/www.karriere-rockt.de\/vorstellungsgespraech\/#primaryimage\"},\"thumbnailUrl\":\"https:\/\/www.karriere-rockt.de\/wp-content\/uploads\/2022\/11\/vorstellungsgespaech-ihk-chemnitz.png\",\"articleSection\":[\"Ausbildung\"],\"inLanguage\":\"de\",\"potentialAction\":[{\"@type\":\"CommentAction\",\"name\":\"Comment\",\"target\":[\"https:\/\/www.karriere-rockt.de\/vorstellungsgespraech\/#respond\"]}]},{\"@type\":\"WebPage\",\"@id\":\"https:\/\/www.karriere-rockt.de\/vorstellungsgespraech\/\",\"url\":\"https:\/\/www.karriere-rockt.de\/vorstellungsgespraech\/\",\"name\":\"Vorstellungsgespr\u00e4ch - Karriere rockt\",\"isPartOf\":{\"@id\":\"https:\/\/www.karriere-rockt.de\/#website\"},\"primaryImageOfPage\":{\"@id\":\"https:\/\/www.karriere-rockt.de\/vorstellungsgespraech\/#primaryimage\"},\"image\":{\"@id\":\"https:\/\/www.karriere-rockt.de\/vorstellungsgespraech\/#primaryimage\"},\"thumbnailUrl\":\"https:\/\/www.karriere-rockt.de\/wp-content\/uploads\/2022\/11\/vorstellungsgespaech-ihk-chemnitz.png\",\"datePublished\":\"2022-11-29T13:01:13+00:00\",\"dateModified\":\"2022-11-29T14:43:06+00:00\",\"author\":{\"@id\":\"https:\/\/www.karriere-rockt.de\/#\/schema\/person\/83b6b5b06268bd93c1f358c5a036513d\"},\"breadcrumb\":{\"@id\":\"https:\/\/www.karriere-rockt.de\/vorstellungsgespraech\/#breadcrumb\"},\"inLanguage\":\"de\",\"potentialAction\":[{\"@type\":\"ReadAction\",\"target\":[\"https:\/\/www.karriere-rockt.de\/vorstellungsgespraech\/\"]}]},{\"@type\":\"ImageObject\",\"inLanguage\":\"de\",\"@id\":\"https:\/\/www.karriere-rockt.de\/vorstellungsgespraech\/#primaryimage\",\"url\":\"https:\/\/www.karriere-rockt.de\/wp-content\/uploads\/2022\/11\/vorstellungsgespaech-ihk-chemnitz.png\",\"contentUrl\":\"https:\/\/www.karriere-rockt.de\/wp-content\/uploads\/2022\/11\/vorstellungsgespaech-ihk-chemnitz.png\",\"width\":1648,\"height\":1094},{\"@type\":\"BreadcrumbList\",\"@id\":\"https:\/\/www.karriere-rockt.de\/vorstellungsgespraech\/#breadcrumb\",\"itemListElement\":[{\"@type\":\"ListItem\",\"position\":1,\"name\":\"Startseite\",\"item\":\"https:\/\/www.karriere-rockt.de\/\"},{\"@type\":\"ListItem\",\"position\":2,\"name\":\"Vorstellungsgespr\u00e4ch\"}]},{\"@type\":\"WebSite\",\"@id\":\"https:\/\/www.karriere-rockt.de\/#website\",\"url\":\"https:\/\/www.karriere-rockt.de\/\",\"name\":\"Karriere rockt\",\"description\":\"Eine weitere WordPress-Website\",\"potentialAction\":[{\"@type\":\"SearchAction\",\"target\":{\"@type\":\"EntryPoint\",\"urlTemplate\":\"https:\/\/www.karriere-rockt.de\/?s={search_term_string}\"},\"query-input\":{\"@type\":\"PropertyValueSpecification\",\"valueRequired\":true,\"valueName\":\"search_term_string\"}}],\"inLanguage\":\"de\"},{\"@type\":\"Person\",\"@id\":\"https:\/\/www.karriere-rockt.de\/#\/schema\/person\/83b6b5b06268bd93c1f358c5a036513d\",\"name\":\"Markus Wolf\",\"image\":{\"@type\":\"ImageObject\",\"inLanguage\":\"de\",\"@id\":\"https:\/\/www.karriere-rockt.de\/#\/schema\/person\/image\/\",\"url\":\"https:\/\/secure.gravatar.com\/avatar\/7a5a6314a850d056370e4cfc5c3d3dac901e3efebdb61644f95cb894a6999989?s=96&d=mm&r=g\",\"contentUrl\":\"https:\/\/secure.gravatar.com\/avatar\/7a5a6314a850d056370e4cfc5c3d3dac901e3efebdb61644f95cb894a6999989?s=96&d=mm&r=g\",\"caption\":\"Markus Wolf\"},\"url\":\"https:\/\/www.karriere-rockt.de\/author\/mawo\/\"}]}<\/script>\n<!-- \/ Yoast SEO plugin. -->","yoast_head_json":{"title":"Vorstellungsgespr\u00e4ch - Karriere rockt","robots":{"index":"index","follow":"follow","max-snippet":"max-snippet:-1","max-image-preview":"max-image-preview:large","max-video-preview":"max-video-preview:-1"},"canonical":"https:\/\/www.karriere-rockt.de\/vorstellungsgespraech\/","og_locale":"de_DE","og_type":"article","og_title":"Vorstellungsgespr\u00e4ch - Karriere rockt","og_description":"Deine Ausbildungsbewerbung hat \u00fcberzeugt und Du bist zum Vorstellungsgespr\u00e4ch eingeladen! Wenn sich bei dir jetzt Freude und leichte Panik abwechseln, ist das total normal. Du hast wahrscheinlich noch sehr wenig Erfahrung mit Bewerbungsgespr\u00e4chen und bist aufgeregt. Damit Du in Deinem Vorstellungsgespr\u00e4ch einen k\u00fchlen Kopf bewahrst, haben wir f\u00fcr Dich ein paar wichtige Tipps und dieweiterlesen","og_url":"https:\/\/www.karriere-rockt.de\/vorstellungsgespraech\/","og_site_name":"Karriere rockt","article_published_time":"2022-11-29T13:01:13+00:00","article_modified_time":"2022-11-29T14:43:06+00:00","og_image":[{"width":1648,"height":1094,"url":"https:\/\/www.karriere-rockt.de\/wp-content\/uploads\/2022\/11\/vorstellungsgespaech-ihk-chemnitz.png","type":"image\/png"}],"author":"Markus Wolf","twitter_card":"summary_large_image","twitter_misc":{"Verfasst von":"Markus Wolf","Gesch\u00e4tzte Lesezeit":"1\u00a0Minute"},"schema":{"@context":"https:\/\/schema.org","@graph":[{"@type":"Article","@id":"https:\/\/www.karriere-rockt.de\/vorstellungsgespraech\/#article","isPartOf":{"@id":"https:\/\/www.karriere-rockt.de\/vorstellungsgespraech\/"},"author":{"name":"Markus Wolf","@id":"https:\/\/www.karriere-rockt.de\/#\/schema\/person\/83b6b5b06268bd93c1f358c5a036513d"},"headline":"Vorstellungsgespr\u00e4ch","datePublished":"2022-11-29T13:01:13+00:00","dateModified":"2022-11-29T14:43:06+00:00","mainEntityOfPage":{"@id":"https:\/\/www.karriere-rockt.de\/vorstellungsgespraech\/"},"wordCount":265,"commentCount":0,"image":{"@id":"https:\/\/www.karriere-rockt.de\/vorstellungsgespraech\/#primaryimage"},"thumbnailUrl":"https:\/\/www.karriere-rockt.de\/wp-content\/uploads\/2022\/11\/vorstellungsgespaech-ihk-chemnitz.png","articleSection":["Ausbildung"],"inLanguage":"de","potentialAction":[{"@type":"CommentAction","name":"Comment","target":["https:\/\/www.karriere-rockt.de\/vorstellungsgespraech\/#respond"]}]},{"@type":"WebPage","@id":"https:\/\/www.karriere-rockt.de\/vorstellungsgespraech\/","url":"https:\/\/www.karriere-rockt.de\/vorstellungsgespraech\/","name":"Vorstellungsgespr\u00e4ch - Karriere rockt","isPartOf":{"@id":"https:\/\/www.karriere-rockt.de\/#website"},"primaryImageOfPage":{"@id":"https:\/\/www.karriere-rockt.de\/vorstellungsgespraech\/#primaryimage"},"image":{"@id":"https:\/\/www.karriere-rockt.de\/vorstellungsgespraech\/#primaryimage"},"thumbnailUrl":"https:\/\/www.karriere-rockt.de\/wp-content\/uploads\/2022\/11\/vorstellungsgespaech-ihk-chemnitz.png","datePublished":"2022-11-29T13:01:13+00:00","dateModified":"2022-11-29T14:43:06+00:00","author":{"@id":"https:\/\/www.karriere-rockt.de\/#\/schema\/person\/83b6b5b06268bd93c1f358c5a036513d"},"breadcrumb":{"@id":"https:\/\/www.karriere-rockt.de\/vorstellungsgespraech\/#breadcrumb"},"inLanguage":"de","potentialAction":[{"@type":"ReadAction","target":["https:\/\/www.karriere-rockt.de\/vorstellungsgespraech\/"]}]},{"@type":"ImageObject","inLanguage":"de","@id":"https:\/\/www.karriere-rockt.de\/vorstellungsgespraech\/#primaryimage","url":"https:\/\/www.karriere-rockt.de\/wp-content\/uploads\/2022\/11\/vorstellungsgespaech-ihk-chemnitz.png","contentUrl":"https:\/\/www.karriere-rockt.de\/wp-content\/uploads\/2022\/11\/vorstellungsgespaech-ihk-chemnitz.png","width":1648,"height":1094},{"@type":"BreadcrumbList","@id":"https:\/\/www.karriere-rockt.de\/vorstellungsgespraech\/#breadcrumb","itemListElement":[{"@type":"ListItem","position":1,"name":"Startseite","item":"https:\/\/www.karriere-rockt.de\/"},{"@type":"ListItem","position":2,"name":"Vorstellungsgespr\u00e4ch"}]},{"@type":"WebSite","@id":"https:\/\/www.karriere-rockt.de\/#website","url":"https:\/\/www.karriere-rockt.de\/","name":"Karriere rockt","description":"Eine weitere WordPress-Website","potentialAction":[{"@type":"SearchAction","target":{"@type":"EntryPoint","urlTemplate":"https:\/\/www.karriere-rockt.de\/?s={search_term_string}"},"query-input":{"@type":"PropertyValueSpecification","valueRequired":true,"valueName":"search_term_string"}}],"inLanguage":"de"},{"@type":"Person","@id":"https:\/\/www.karriere-rockt.de\/#\/schema\/person\/83b6b5b06268bd93c1f358c5a036513d","name":"Markus Wolf","image":{"@type":"ImageObject","inLanguage":"de","@id":"https:\/\/www.karriere-rockt.de\/#\/schema\/person\/image\/","url":"https:\/\/secure.gravatar.com\/avatar\/7a5a6314a850d056370e4cfc5c3d3dac901e3efebdb61644f95cb894a6999989?s=96&d=mm&r=g","contentUrl":"https:\/\/secure.gravatar.com\/avatar\/7a5a6314a850d056370e4cfc5c3d3dac901e3efebdb61644f95cb894a6999989?s=96&d=mm&r=g","caption":"Markus Wolf"},"url":"https:\/\/www.karriere-rockt.de\/author\/mawo\/"}]}},"publishpress_future_action":{"enabled":false,"date":"2026-05-09 05:00:07","action":"change-status","newStatus":"draft","terms":[],"taxonomy":"category","extraData":[]},"publishpress_future_workflow_manual_trigger":{"enabledWorkflows":[]},"_links":{"self":[{"href":"https:\/\/www.karriere-rockt.de\/api\/v1\/wp\/v2\/posts\/511","targetHints":{"allow":["GET"]}}],"collection":[{"href":"https:\/\/www.karriere-rockt.de\/api\/v1\/wp\/v2\/posts"}],"about":[{"href":"https:\/\/www.karriere-rockt.de\/api\/v1\/wp\/v2\/types\/post"}],"author":[{"embeddable":true,"href":"https:\/\/www.karriere-rockt.de\/api\/v1\/wp\/v2\/users\/2"}],"replies":[{"embeddable":true,"href":"https:\/\/www.karriere-rockt.de\/api\/v1\/wp\/v2\/comments?post=511"}],"version-history":[{"count":3,"href":"https:\/\/www.karriere-rockt.de\/api\/v1\/wp\/v2\/posts\/511\/revisions"}],"predecessor-version":[{"id":558,"href":"https:\/\/www.karriere-rockt.de\/api\/v1\/wp\/v2\/posts\/511\/revisions\/558"}],"wp:featuredmedia":[{"embeddable":true,"href":"https:\/\/www.karriere-rockt.de\/api\/v1\/wp\/v2\/media\/513"}],"wp:attachment":[{"href":"https:\/\/www.karriere-rockt.de\/api\/v1\/wp\/v2\/media?parent=511"}],"wp:term":[{"taxonomy":"category","embeddable":true,"href":"https:\/\/www.karriere-rockt.de\/api\/v1\/wp\/v2\/categories?post=511"},{"taxonomy":"post_tag","embeddable":true,"href":"https:\/\/www.karriere-rockt.de\/api\/v1\/wp\/v2\/tags?post=511"}],"curies":[{"name":"wp","href":"https:\/\/api.w.org\/{rel}","templated":true}]}}